[{"@context":"https:\/\/schema.org\/","@type":"Article","@id":"https:\/\/www.rekoscb.cz\/bila-sedacka\/#Article","mainEntityOfPage":"https:\/\/www.rekoscb.cz\/bila-sedacka\/","headline":"B\u00edl\u00e1 seda\u010dka","name":"B\u00edl\u00e1 seda\u010dka","description":"J\u00e1 jsem to doma\u00a0v\u017edycky cht\u011bla m\u00edt opravdu kr\u00e1sn\u00e9. A\u00a0tak\u00e9 m\u011b pot\u011b\u0161ilo, \u017ee i m\u016fj partner se mnou souhlasil, \u017ee kdy\u017e bydl\u00edme u\u017e kone\u010dn\u011b spolu, \u017ee si tak\u00e9 sv\u00e9 bydlen\u00ed za\u0159\u00edd\u00edme podle na\u0161eho vkusu. Cht\u011bli jsme m\u00edt opravdu kr\u00e1sn\u00e9 a \u010dist\u00e9... ","datePublished":"2024-08-31","dateModified":"2024-08-31","author":{"@type":"Person","@id":"https:\/\/www.rekoscb.cz\/author\/devene\/#Person","name":"devene","url":"https:\/\/www.rekoscb.cz\/author\/devene\/","identifier":1,"image":{"@type":"ImageObject","@id":"https:\/\/secure.gravatar.com\/avatar\/87132efef9f5972c3e770e1fb0907fb3dcc1311f82da5f30bffbae0bd81cf8c0?s=96&d=mm&r=g","url":"https:\/\/secure.gravatar.com\/avatar\/87132efef9f5972c3e770e1fb0907fb3dcc1311f82da5f30bffbae0bd81cf8c0?s=96&d=mm&r=g","height":96,"width":96}},"publisher":{"@type":"Organization","name":"rekoscb.cz","logo":{"@type":"ImageObject","@id":"\/logo.png","url":"\/logo.png","width":600,"height":60}},"image":{"@type":"ImageObject","@id":"https:\/\/www.rekoscb.cz\/wp-content\/uploads\/home-1622401_1280_10.jpg","url":"https:\/\/www.rekoscb.cz\/wp-content\/uploads\/home-1622401_1280_10.jpg","height":0,"width":0},"url":"https:\/\/www.rekoscb.cz\/bila-sedacka\/","about":["Kr\u00e1sa"],"wordCount":436,"articleBody":"J\u00e1 jsem to doma\u00a0v\u017edycky cht\u011bla m\u00edt opravdu kr\u00e1sn\u00e9. A\u00a0tak\u00e9 m\u011b pot\u011b\u0161ilo, \u017ee i m\u016fj partner se mnou souhlasil, \u017ee kdy\u017e bydl\u00edme u\u017e kone\u010dn\u011b spolu, \u017ee si tak\u00e9 sv\u00e9 bydlen\u00ed za\u0159\u00edd\u00edme podle na\u0161eho vkusu. Cht\u011bli jsme m\u00edt opravdu kr\u00e1sn\u00e9 a \u010dist\u00e9 bydlen\u00ed. Cht\u011bli jsme, aby se n\u00e1m tam l\u00edbilo. Sice ano, kr\u00e1sa, bydlen\u00ed je d\u016fle\u017eit\u00e1, ale n\u011bkdo tomu moc ned\u00e1. J\u00e1 jsem v\u017edycky cht\u011bla m\u00edt opravdu kr\u00e1snou seda\u010dku. M\u016fj sen byl velk\u00e1 b\u00edl\u00e1\u00a0ko\u017een\u00e1 seda\u010dka. Ano, b\u00edl\u00e1, ko\u017een\u00e1 seda\u010dka. A to hlavn\u011b z prav\u00e9 k\u016f\u017ee. Nem\u00e1m r\u00e1da n\u00e1hra\u017eky, ale kdy\u017e jsem si \u0159ekla, \u017ee kdybychom m\u011bli d\u011bti, \u017ee a\u017e budeme m\u00edt rodinu a budeme m\u00edt velkou b\u00edlou ko\u017eenou seda\u010dku, kter\u00e1 bude opravdu n\u00e1dhern\u00e1 a kr\u00e1sn\u00e1, tak asi ta seda\u010dka moc dlouho kr\u00e1sn\u00e1 nebude, proto\u017ee v\u0161ichni v\u00edme \u017ee mal\u00e9 d\u011bti v\u0161echno zni\u010d\u00ed.Tedy ne, \u017ee by to d\u011bti zni\u010dily z\u00e1m\u011brn\u011b. Podle m\u00e9ho n\u00e1zoru toho d\u011bti nebudou ni\u010dit z\u00e1m\u011brn\u011b, ale kdy\u017e jsou mal\u00e9 d\u011bti, tak v\u0161echnu kr\u00e1su t\u00e9 seda\u010dky by asi opravdu rychle zni\u010dily, proto\u00a0jsem \u0159ekla partnerovi, \u017ee si koup\u00edme asi oby\u010dejnou \u010daloun\u011bnou seda\u010dku k n\u00e1m dom\u016f, \u017ee tak\u00e9 bude ur\u010dit\u011b kr\u00e1sn\u00e1. Jinak si to opravdu nedok\u00e1\u017ee p\u0159edstavit a vysv\u011btlit, jak bychom si po\u0159\u00eddili \u00fapln\u011b jinou seda\u010dku, ne\u017e jakou jsme cht\u011bli. Ale samoz\u0159ejm\u011b kr\u00e1sa domova a kr\u00e1sa seda\u010dky nen\u00ed zase tak \u00fapln\u011b d\u016fle\u017eit\u00e1, ale nen\u00ed to v\u016fbec prvo\u0159ad\u00e9. N\u011bkter\u00fdm lidem je \u00fapln\u011b jedno, jak bydl\u00ed. M\u011b by to teda fuk nebylo. J\u00e1 bych cht\u011bla, aby se mi doma l\u00edbilo a abych se dom\u016f tak\u00e9 moc r\u00e1da vracela, pro n\u011bkoho je to n\u00e1ro\u010dn\u00e9, ale n\u011bkdo zase \u0159\u00edk\u00e1, \u017ee je mu \u00fapln\u011b jedno, jak to doma u nich vypad\u00e1.\u00a0Proto si mysl\u00edm, \u017ee kdy\u017e lid\u00e9 si budou kupovat dom\u016f nov\u00fd n\u00e1bytek, \u017ee by tak\u00e9 si m\u011bli uv\u011bdomit, jak to bude praktick\u00e9 anebo jestli jim to n\u011bkdo nezni\u010d\u00ed. Nap\u0159\u00edklad moj\u00ed kamar\u00e1dce jejich pes zni\u010dil opravdu \u0161kared\u011b n\u00e1bytek. Moje kamar\u00e1dka z toho byla opravdu hodn\u011b ne\u0161\u0165astn\u00e1, proto\u017ee ten n\u00e1bytek kupoval ned\u00e1vno a byl pr\u00fd drah\u00fd.\u00a0                                                                                                                                                                                                                                                                                                                                                                                        4.1\/5 - (14 votes)        "},{"@context":"https:\/\/schema.org\/","@type":"BreadcrumbList","itemListElement":[{"@type":"ListItem","position":1,"name":"B\u00edl\u00e1 seda\u010dka","item":"https:\/\/www.rekoscb.cz\/bila-sedacka\/#breadcrumbitem"}]}]