[{"@context":"https:\/\/schema.org\/","@type":"Article","@id":"https:\/\/www.rekoscb.cz\/co-bychom-chteli-od-politiku\/#Article","mainEntityOfPage":"https:\/\/www.rekoscb.cz\/co-bychom-chteli-od-politiku\/","headline":"Co bychom cht\u011bli od politik\u016f?","name":"Co bychom cht\u011bli od politik\u016f?","description":"Politick\u00e9 reprezentace se tu v\u00edce a tu m\u00e9n\u011b \u010dasto st\u0159\u00eddaj\u00ed u moci. N\u011bkdy se dok\u00e1\u017eou tit\u00ed\u017e lid\u00e9 udr\u017eet u kormidla \u010di koryta celou v\u011b\u010dnost, jindy takov\u00e9 politiky sesad\u00ed d\u0159\u00edve, ne\u017e se tito stihnou po\u0159\u00e1dn\u011b rozkoukat, n\u011bkdy se m\u011bn\u00ed vl\u00e1dy podle... ","datePublished":"2022-03-22","dateModified":"2023-05-06","author":{"@type":"Person","@id":"https:\/\/www.rekoscb.cz\/author\/devene\/#Person","name":"devene","url":"https:\/\/www.rekoscb.cz\/author\/devene\/","identifier":1,"image":{"@type":"ImageObject","@id":"https:\/\/secure.gravatar.com\/avatar\/87132efef9f5972c3e770e1fb0907fb3dcc1311f82da5f30bffbae0bd81cf8c0?s=96&d=mm&r=g","url":"https:\/\/secure.gravatar.com\/avatar\/87132efef9f5972c3e770e1fb0907fb3dcc1311f82da5f30bffbae0bd81cf8c0?s=96&d=mm&r=g","height":96,"width":96}},"publisher":{"@type":"Organization","name":"rekoscb.cz","logo":{"@type":"ImageObject","@id":"\/logo.png","url":"\/logo.png","width":600,"height":60}},"image":{"@type":"ImageObject","@id":"https:\/\/www.rekoscb.cz\/wp-content\/uploads\/americk%C3%A9%20volby.jpg","url":"https:\/\/www.rekoscb.cz\/wp-content\/uploads\/americk%C3%A9%20volby.jpg","height":0,"width":0},"url":"https:\/\/www.rekoscb.cz\/co-bychom-chteli-od-politiku\/","about":["Politika"],"wordCount":442,"articleBody":"Politick\u00e9 reprezentace se tu v\u00edce a tu m\u00e9n\u011b \u010dasto st\u0159\u00eddaj\u00ed u moci. N\u011bkdy se dok\u00e1\u017eou tit\u00ed\u017e lid\u00e9 udr\u017eet u kormidla \u010di koryta celou v\u011b\u010dnost, jindy takov\u00e9 politiky sesad\u00ed d\u0159\u00edve, ne\u017e se tito stihnou po\u0159\u00e1dn\u011b rozkoukat, n\u011bkdy se m\u011bn\u00ed vl\u00e1dy podle rozpolo\u017een\u00ed voli\u010d\u016f v\u00a0dob\u011b voleb, n\u011bkdy po neodpustiteln\u00fdch skand\u00e1lech, vlivem intrik nebo t\u0159eba i n\u00e1siln\u00fdch st\u00e1tn\u00edch p\u0159evrat\u016f.Na\u0161e zem\u011b za\u017eila ve sv\u00e9 podstat\u011b v\u0161echny typy takov\u00fdch zm\u011bn. Vid\u011bli jsme po rychl\u00fdch spole\u010densk\u00fdch zm\u011bn\u00e1ch padnout vl\u00e1du jedn\u00e9 strany, kter\u00e1 do t\u00e9 chv\u00edle dost\u00e1vala prakticky sto procent v\u0161ech hlas\u016f, vid\u011bli jsme vl\u00e1dy odvolan\u00e9 z\u00a0d\u016fvodu nejr\u016fzn\u011bj\u0161\u00edch skand\u00e1l\u016f a ostud, vid\u011bli jsme ned\u00e1vn\u00fd obrat v\u00a0n\u00e1zorech voli\u010d\u016f a leckte\u0159\u00ed z\u00a0n\u00e1s i vliv vstupu nep\u0159\u00e1telsk\u00fdch \u010di nep\u0159\u00e1telsky sp\u0159\u00e1telen\u00fdch vojsk na zm\u011bny na politick\u00e9m Olympu. A vid\u011bli jsme i vl\u00e1dy, kter\u00e9 ode\u0161ly jenom proto, \u017ee u\u017e nep\u0159esv\u011bd\u010dily o tom, \u017ee jsou nejlep\u0161\u00ed, a ve volb\u00e1ch zcela regul\u00e9rn\u011b propadly. Inu, politika.A co pro n\u00e1s volby, onen nejnorm\u00e1ln\u011bj\u0161\u00ed zp\u016fsob p\u0159ed\u00e1v\u00e1n\u00ed moci jedn\u011bmi druh\u00fdm, znamenaly a znamenaj\u00ed? Dost \u010dasto nad\u011bje na to, \u017ee bude l\u00e9pe. Je\u017e se ale mnohokr\u00e1t nevyplnily, co\u017e se opakovalo tak \u010dasto, \u017ee u\u017e mnoz\u00ed z\u00a0voli\u010d\u016f vlastn\u011b podlehli skepsi a voleb u\u017e se ani necht\u011bj\u00ed \u00fa\u010dastnit, maje pocit, \u017ee a\u0165 bude zvolen ten nebo onen, pro lidi to bude znamenat v\u017edy jenom prohru.Zkr\u00e1tka a dob\u0159e u\u017e se u n\u00e1s politik\u016fm moc nev\u011b\u0159\u00ed. A to \u010dasto pln\u00fdm pr\u00e1vem. Proto\u017ee mnoz\u00ed z\u00a0nich maj\u00ed tolik m\u00e1sla na hlav\u011b, \u017ee kdyby \u0161lo o m\u00e1slo skute\u010dn\u00e9 a ne pomysln\u00e9, m\u011bli by p\u0159i cen\u00e1ch tohoto produktu nadosmrti vystar\u00e1no. A kdy\u017e k\u00a0tomu p\u0159i\u010dteme, kolikr\u00e1t byli pravi\u010d\u00e1ci po dosednut\u00ed na ministersk\u00e1 a poslaneck\u00e1 k\u0159esla r\u00e1zem populisticky levicov\u00ed a kolikr\u00e1t dobrosrde\u010dn\u011b vypadaj\u00edc\u00ed levice po z\u00edsk\u00e1n\u00ed moci vzala lidi u \u00fast, nen\u00ed divu, \u017ee jsou na tom vrcholn\u00ed politici, co se jejich spole\u010densk\u00e9 presti\u017ee t\u00fdk\u00e1, na \u00farovni oby\u010dejn\u00fdch ukl\u00edze\u010dek. Co\u017e nav\u00edc n\u011bkdo vn\u00edm\u00e1 je\u0161t\u011b i jako ur\u00e1\u017eku takov\u00fdch ukl\u00edze\u010dek, za nimi\u017e je obvykle vid\u011bt aspo\u0148 kus dob\u0159e odveden\u00e9 pr\u00e1ce.                                                                                                                                                                                                                                                                                                                                                                                        4.4\/5 - (8 votes)        "},{"@context":"https:\/\/schema.org\/","@type":"BreadcrumbList","itemListElement":[{"@type":"ListItem","position":1,"name":"Co bychom cht\u011bli od politik\u016f?","item":"https:\/\/www.rekoscb.cz\/co-bychom-chteli-od-politiku\/#breadcrumbitem"}]}]