[{"@context":"https:\/\/schema.org\/","@type":"Article","@id":"https:\/\/www.rekoscb.cz\/kralovna-latek-krajka\/#Article","mainEntityOfPage":"https:\/\/www.rekoscb.cz\/kralovna-latek-krajka\/","headline":"Kr\u00e1lovna l\u00e1tek? Krajka.","name":"Kr\u00e1lovna l\u00e1tek? Krajka.","description":"M\u00e1te firmu, kde \u0161ijete oble\u010den\u00ed, bytov\u00e9 dopl\u0148ky \u010di cokoliv jin\u00e9ho? Pot\u0159ebujete m\u00edt k ruce kvalitn\u00ed materi\u00e1l za dobrou cenu? Nebo prost\u011b jen tvo\u0159\u00edte pro sebe a rodinu? V ka\u017ed\u00e9m p\u0159\u00edpad\u011b ur\u010dit\u011b alespo\u0148 ob\u010das pou\u017e\u00edv\u00e1te krajky. Je to druh jemn\u00e9 l\u00e1tky,... ","datePublished":"2022-03-28","dateModified":"2022-03-28","author":{"@type":"Person","@id":"https:\/\/www.rekoscb.cz\/author\/devene\/#Person","name":"devene","url":"https:\/\/www.rekoscb.cz\/author\/devene\/","identifier":1,"image":{"@type":"ImageObject","@id":"https:\/\/secure.gravatar.com\/avatar\/87132efef9f5972c3e770e1fb0907fb3dcc1311f82da5f30bffbae0bd81cf8c0?s=96&d=mm&r=g","url":"https:\/\/secure.gravatar.com\/avatar\/87132efef9f5972c3e770e1fb0907fb3dcc1311f82da5f30bffbae0bd81cf8c0?s=96&d=mm&r=g","height":96,"width":96}},"publisher":{"@type":"Organization","name":"rekoscb.cz","logo":{"@type":"ImageObject","@id":"\/logo.png","url":"\/logo.png","width":600,"height":60}},"image":{"@type":"ImageObject","@id":"https:\/\/www.rekoscb.cz\/wp-content\/uploads\/lace-gc034b68a1_640.jpg","url":"https:\/\/www.rekoscb.cz\/wp-content\/uploads\/lace-gc034b68a1_640.jpg","height":0,"width":0},"url":"https:\/\/www.rekoscb.cz\/kralovna-latek-krajka\/","about":["Auto"],"wordCount":427,"articleBody":"      M\u00e1te firmu, kde \u0161ijete oble\u010den\u00ed, bytov\u00e9 dopl\u0148ky \u010di cokoliv jin\u00e9ho? Pot\u0159ebujete m\u00edt k ruce kvalitn\u00ed materi\u00e1l za dobrou cenu? Nebo prost\u011b jen tvo\u0159\u00edte pro sebe a rodinu? V ka\u017ed\u00e9m p\u0159\u00edpad\u011b ur\u010dit\u011b alespo\u0148 ob\u010das pou\u017e\u00edv\u00e1te krajky. Je to druh jemn\u00e9 l\u00e1tky, kter\u00e1 byla od sv\u00e9ho vzniku pova\u017eovan\u00e1  https:\/\/www.linguee.com\/czech-english\/translation\/pova%25C5%25BEovat.html za luxusn\u00ed. Byla velmi drah\u00e1, a dovolit si ji nemohl ka\u017ed\u00fd. I dnes jde o dra\u017e\u0161\u00ed l\u00e1tku, proto\u017ee jej\u00ed v\u00fdroba nen\u00ed jednoduch\u00e1. U n\u00e1s ji najdete v mnoha barv\u00e1ch a vzorech.Krajka madeira se skv\u011ble hod\u00ed na v\u00fdrobu halenek, proto\u017ee m\u00e1 m\u00e9n\u011b o\u010dek, a tud\u00ed\u017e nen\u00ed p\u0159\u00edli\u0161 odhaluj\u00edc\u00ed. Najdete ji u n\u00e1s v kr\u00e9mov\u00e9 barv\u011b.Vy\u0161\u00edvan\u00e9 kv\u011bty v podob\u011b madeiry u n\u00e1s koup\u00edte v t\u011bchto barv\u00e1ch: b\u00edl\u00e9, \u017elut\u00e9, modr\u00e9 a r\u016f\u017eov\u00e9.Dal\u0161\u00ed madeirou, kterou u n\u00e1s najdete, je vy\u0161\u00edvan\u00e1 kv\u011bty, ale m\u00e1 odli\u0161nou gram\u00e1\u017e ne\u017e ta p\u0159edchoz\u00ed. V nab\u00eddce ji m\u00e1me v tmav\u011b modr\u00e9 a \u010dern\u00e9.Pot\u0159ebujete madeiru s v\u011bt\u0161\u00edmi kv\u011bty? Najdete ji u n\u00e1s v b\u00edl\u00e9 a \u010dern\u00e9.Jednou z nejobl\u00edben\u011bj\u0161\u00edch krajek je jemn\u00e1 b\u00edl\u00e1 krajka, kter\u00e1 se nejv\u00edce pou\u017e\u00edv\u00e1 k v\u00fdrob\u011b svatebn\u00ed \u0161at\u016f. \u010cek\u00e1 na v\u00e1s v b\u00edl\u00e9 barv\u011b.Elastick\u00e1 krajka s jemn\u00fdm vzorem je \u010dasto pou\u017e\u00edvan\u00e1 k v\u00fdrob\u011b spodn\u00edho pr\u00e1dla, top\u016f a halenek. M\u00e1me ji k dispozici v b\u00edl\u00e9, \u010dern\u00e9 a holub\u00ed.Krajek m\u00e1me opravdu hodn\u011b, nab\u00edz\u00edme r\u016fzn\u00e9 gram\u00e1\u017ee podle toho, co z nich pot\u0159ebujete u\u0161\u00edt. \u0160ijete poprv\u00e9 s krajkou, a nem\u00e1te pon\u011bt\u00ed, kterou byste m\u011bli zvolit? R\u00e1di v\u00e1m porad\u00edme, jakou zvolit, aby vydr\u017eela.Z krajek se d\u00e1 vytvo\u0159it skute\u010dn\u011b obrovsk\u00e9 mno\u017estv\u00ed oble\u010den\u00ed &#8211; r\u016fzn\u00e9 tuniky, \u0161aty, t\u00edlka, tri\u010dka, a dokonce i sukn\u011b nebo \u0161ortky. Krajka je vkusn\u00fdm dopl\u0148kem elegantn\u00edho oble\u010den\u00ed, kter\u00e9 lze nosit na spole\u010densk\u00e9 ud\u00e1losti i na denn\u00ed no\u0161en\u00ed. V b\u011b\u017en\u00fdch galanteri\u00edch ji \u010dasto nenajdete, a pokud ji sh\u00e1n\u00edte, se\u017eenete ji u n\u00e1s. Pravideln\u011b dopl\u0148ujeme skladov\u00e9 z\u00e1soby, aby byl v\u00fdb\u011br dostate\u010dn\u011b velk\u00fd. Zkuste u\u0161\u00edt n\u011bjak\u00e9 nov\u00e9 kousky, za\u010dn\u011bte pracovat s krajkami.                                                                                                                                                                                                                                                                                                                                                                                          4.1\/5 - (12 votes)        "},{"@context":"https:\/\/schema.org\/","@type":"BreadcrumbList","itemListElement":[{"@type":"ListItem","position":1,"name":"Kr\u00e1lovna l\u00e1tek? Krajka.","item":"https:\/\/www.rekoscb.cz\/kralovna-latek-krajka\/#breadcrumbitem"}]}]