[{"@context":"https:\/\/schema.org\/","@type":"Article","@id":"https:\/\/www.rekoscb.cz\/zajimava-politika-ve-skole\/#Article","mainEntityOfPage":"https:\/\/www.rekoscb.cz\/zajimava-politika-ve-skole\/","headline":"Zaj\u00edmav\u00e1 politika ve \u0161kole","name":"Zaj\u00edmav\u00e1 politika ve \u0161kole","description":"Politika nikdy nebyla m\u016fj obor. Politika m\u011b nikdy nezaj\u00edmala a nebavila m\u011b. Jen\u017ee jsem m\u011bla \u0161kolu, kde jsme taky m\u011bli politick\u00fd obor. Mo\u017en\u00e1 se v\u00e1m to zd\u00e1 velmi vtipn\u00e9, ale je to pravda. Politika byla v na\u0161\u00ed \u0161kole docela hodn\u011b... ","datePublished":"2022-01-13","dateModified":"2023-05-06","author":{"@type":"Person","@id":"https:\/\/www.rekoscb.cz\/author\/devene\/#Person","name":"devene","url":"https:\/\/www.rekoscb.cz\/author\/devene\/","identifier":1,"image":{"@type":"ImageObject","@id":"https:\/\/secure.gravatar.com\/avatar\/87132efef9f5972c3e770e1fb0907fb3dcc1311f82da5f30bffbae0bd81cf8c0?s=96&d=mm&r=g","url":"https:\/\/secure.gravatar.com\/avatar\/87132efef9f5972c3e770e1fb0907fb3dcc1311f82da5f30bffbae0bd81cf8c0?s=96&d=mm&r=g","height":96,"width":96}},"publisher":{"@type":"Organization","name":"rekoscb.cz","logo":{"@type":"ImageObject","@id":"\/logo.png","url":"\/logo.png","width":600,"height":60}},"image":{"@type":"ImageObject","@id":"https:\/\/www.rekoscb.cz\/wp-content\/uploads\/darkweb2_1.jpg","url":"https:\/\/www.rekoscb.cz\/wp-content\/uploads\/darkweb2_1.jpg","height":0,"width":0},"url":"https:\/\/www.rekoscb.cz\/zajimava-politika-ve-skole\/","about":["Politika"],"wordCount":454,"articleBody":"Politika nikdy nebyla m\u016fj obor. Politika m\u011b nikdy nezaj\u00edmala a nebavila m\u011b. Jen\u017ee jsem m\u011bla \u0161kolu, kde jsme taky m\u011bli politick\u00fd obor. Mo\u017en\u00e1 se v\u00e1m to zd\u00e1 velmi vtipn\u00e9, ale je to pravda. Politika byla v na\u0161\u00ed \u0161kole docela hodn\u011b d\u016fle\u017eit\u00e1. A v\u016fbec nev\u00edm pro\u010d, ale potom jsem zjistila, \u017ee v na\u0161\u00ed \u0161kole jsou velmi politick\u00e9 kruhy d\u016fle\u017eit\u00e9. A proto u\u010ditel\u00e9 cht\u011bli, abychom se tak\u00e9 v politice tro\u0161ku vyznali. Jen\u017ee jak, kdy\u017e m\u011b politika v\u016fbec nebavila. A proto\u017ee jsem ale cht\u011bla m\u00edt velmi perfektn\u00ed v\u00fdsledky v moj\u00ed \u0161kole, tak jsem si \u0159ekla, \u017ee se n\u011bco nau\u010d\u00edm, alespo\u0148 tro\u0161ku o politice. A tak jsem si sedla k po\u010d\u00edta\u010di, kde jsem hledala r\u016fzn\u00e9 politick\u00e9 str\u00e1nky, abych si o tom n\u011bco p\u0159e\u010detla. No, p\u0159eci nebudu jedin\u00e1, kter\u00e1 nebude v\u011bd\u011bt n\u011bco o politice, a proto abych byla nejlep\u0161\u00ed studentka, tak pot\u0159ebuji taky n\u011bco v\u011bd\u011bt a um\u011bt. A abych byla fakt dobr\u00e1, tak jsem si \u0159ekla, \u017ee si najmu asi n\u011bjak\u00e9ho u\u010ditele politiky. A existuje n\u011bco takov\u00e9ho v\u016fbec? Mysl\u00edm, \u017ee asi ne. Mo\u017en\u00e1 jsem to p\u0159ehnala, ale cht\u011bla jsem b\u00fdt nejlep\u0161\u00ed.Nav\u00edc jsem tohle \u0159ekla taky m\u00e9 babi\u010dce, kter\u00e1 se o politiku zaj\u00edm\u00e1 a v\u017edycky o n\u00ed moc r\u00e1da mluvila.\u00a0 A v\u00edte, co ud\u011blala babi\u010dka? Ta se tomu sm\u00e1la. A nev\u00edm pro\u010d, proto\u017ee ona \u0159\u00edkala, \u017ee politika je velmi vtipn\u00e1, ale taky n\u011bkdy d\u016fle\u017eit\u00e1. Ona pr\u00fd nev\u011bd\u011bla, \u017ee na n\u011bjak\u00e9 \u0161kole se vyu\u010duje politika. Mysl\u00edm, \u017ee tohle byl asi od babi\u010dky velk\u00fd vtip. Nav\u00edc si \u0159\u00edk\u00e1m, \u017ee na politiku m\u00e1 ka\u017ed\u00fd jin\u00fd n\u00e1zor. A j\u00e1 \u017e\u00e1dn\u00fd n\u00e1zor pr\u00e1v\u011b nem\u00e1m, tak jak se mohu u\u010dit n\u011bjakou politiku? Mysl\u00edm, \u017ee je to asi ka\u017ed\u00e9ho v\u011bc, jestli se zaj\u00edm\u00e1 o politiku nebo ne. Ov\u0161em toto jsem m\u011bla za \u00fakol ve \u0161kole. Tak jsem ud\u011blala p\u00e1r refer\u00e1t\u016f o politice, mysl\u00edm \u017ee to bude asi v\u0161echno dob\u0159e. A te\u010f si mysl\u00edm, \u017ee tohle je v\u0161echno takov\u00e9 zaj\u00edmav\u00e9 a zvl\u00e1\u0161tn\u00ed. Politika je velmi zaj\u00edmav\u00e9 t\u00e9ma, ale taky mus\u00ed m\u00edt sv\u00e9 hranice, kter\u00e9 by se nem\u011bly tedy v\u016fbec p\u0159ekro\u010dit. Mysl\u00ed, \u017ee taky\u00a0politika dok\u00e1\u017ee zni\u010dit p\u0159\u00e1telstv\u00ed nebo taky pevn\u00fd mileneck\u00fd vztah. Zn\u00e1m jeden p\u0159\u00edpad.                                                                                                                                                                                                                                                                                                                                                                                        4\/5 - (6 votes)        "},{"@context":"https:\/\/schema.org\/","@type":"BreadcrumbList","itemListElement":[{"@type":"ListItem","position":1,"name":"Zaj\u00edmav\u00e1 politika ve \u0161kole","item":"https:\/\/www.rekoscb.cz\/zajimava-politika-ve-skole\/#breadcrumbitem"}]}]